{"id":390,"date":"2026-01-08T22:44:04","date_gmt":"2026-01-08T21:44:04","guid":{"rendered":"https:\/\/www.schuerig.de\/gisbert\/?p=390"},"modified":"2026-01-08T22:49:25","modified_gmt":"2026-01-08T21:49:25","slug":"wieder-zum-klingen-gebracht-eine-nachlese","status":"publish","type":"post","link":"https:\/\/www.schuerig.de\/gisbert\/2026\/01\/08\/wieder-zum-klingen-gebracht-eine-nachlese\/","title":{"rendered":"Wieder zum Klingen gebracht &#8211; eine Nachlese"},"content":{"rendered":"\n<p>In 2025 haben Thomas M\u00fcller und ich unter der \u00dcberschrift &#8222;Wieder zum Klingen gebracht&#8220; die Kl\u00e4nge einer historischen Tonrassel als Ausgangspunkt f\u00fcr  musikalische Erkundungen in einem Konzert und einer Klanginstallation genommen. N\u00e4her beschrieben ist das in meinem <a href=\"https:\/\/www.schuerig.de\/gisbert\/2025\/07\/30\/wieder-zum-klingen-gebracht-ein-klangprojekt-von-thomas-mueller-gisbert-schuerig\/\">vorherigen Blogeintrag<\/a>.<\/p>\n\n\n\n<figure class=\"wp-block-image size-large\"><img loading=\"lazy\" decoding=\"async\" width=\"1024\" height=\"768\" src=\"https:\/\/www.schuerig.de\/gisbert\/wp-content\/uploads\/2026\/01\/IMG_1047_Aufbau-1024x768.jpg\" alt=\"\" class=\"wp-image-416\" srcset=\"https:\/\/www.schuerig.de\/gisbert\/wp-content\/uploads\/2026\/01\/IMG_1047_Aufbau-1024x768.jpg 1024w, https:\/\/www.schuerig.de\/gisbert\/wp-content\/uploads\/2026\/01\/IMG_1047_Aufbau-300x225.jpg 300w, https:\/\/www.schuerig.de\/gisbert\/wp-content\/uploads\/2026\/01\/IMG_1047_Aufbau-768x576.jpg 768w, https:\/\/www.schuerig.de\/gisbert\/wp-content\/uploads\/2026\/01\/IMG_1047_Aufbau-1536x1152.jpg 1536w, https:\/\/www.schuerig.de\/gisbert\/wp-content\/uploads\/2026\/01\/IMG_1047_Aufbau-2048x1536.jpg 2048w\" sizes=\"auto, (max-width: 1024px) 100vw, 1024px\" \/><figcaption class=\"wp-element-caption\">Aufbau f\u00fcr das Konzert im Juni 2025 im Arch\u00e4ologischen Fenster der Zitadelle Spandau<\/figcaption><\/figure>\n\n\n\n<p>Im Kompositions- und Probenprozess f\u00fcr die Auff\u00fchrungen haben Thomas M\u00fcller und ich die Aufnahmen der Rasselkl\u00e4nge auf ganz verschiedene Weisen verarbeitet. Mit aktueller Musiksoftware, aber auch mit Ger\u00e4ten, die ihrerseits fast schon wieder in die Geschichte eingegangen sind.<\/p>\n\n\n\n<figure class=\"wp-block-image size-large\"><img loading=\"lazy\" decoding=\"async\" width=\"768\" height=\"1024\" src=\"https:\/\/www.schuerig.de\/gisbert\/wp-content\/uploads\/2026\/01\/IMG_1050_Arq-und-Rasselbild-768x1024.jpg\" alt=\"\" class=\"wp-image-415\" srcset=\"https:\/\/www.schuerig.de\/gisbert\/wp-content\/uploads\/2026\/01\/IMG_1050_Arq-und-Rasselbild-768x1024.jpg 768w, https:\/\/www.schuerig.de\/gisbert\/wp-content\/uploads\/2026\/01\/IMG_1050_Arq-und-Rasselbild-225x300.jpg 225w, https:\/\/www.schuerig.de\/gisbert\/wp-content\/uploads\/2026\/01\/IMG_1050_Arq-und-Rasselbild-1152x1536.jpg 1152w, https:\/\/www.schuerig.de\/gisbert\/wp-content\/uploads\/2026\/01\/IMG_1050_Arq-und-Rasselbild-1536x2048.jpg 1536w, https:\/\/www.schuerig.de\/gisbert\/wp-content\/uploads\/2026\/01\/IMG_1050_Arq-und-Rasselbild-scaled.jpg 1920w\" sizes=\"auto, (max-width: 768px) 100vw, 768px\" \/><figcaption class=\"wp-element-caption\">Plakat der historischen Tonrassel, im Vordergrund links der Beatstep Pro, ein zeitgen\u00f6ssischer Midi-Controller, rechts die Groovebox Zoom AR-48<\/figcaption><\/figure>\n\n\n\n<p>Bevor wir uns aber an die Arbeit mit elektronischen Instrumenten gemacht haben, haben wir zun\u00e4chst die spezifische Klanglichkeit get\u00f6pferter Rasseln ganz physisch erkundet &#8211; in Form von einer Reihe speziell f\u00fcr dieses Projekt von einer befreundeten T\u00f6pferin gefertigter Rasseln.<\/p>\n\n\n\n<figure class=\"wp-block-image size-large\"><img loading=\"lazy\" decoding=\"async\" width=\"1024\" height=\"768\" src=\"https:\/\/www.schuerig.de\/gisbert\/wp-content\/uploads\/2026\/01\/IMG_2540_Rassel-1024x768.jpg\" alt=\"\" class=\"wp-image-409\" srcset=\"https:\/\/www.schuerig.de\/gisbert\/wp-content\/uploads\/2026\/01\/IMG_2540_Rassel-1024x768.jpg 1024w, https:\/\/www.schuerig.de\/gisbert\/wp-content\/uploads\/2026\/01\/IMG_2540_Rassel-300x225.jpg 300w, https:\/\/www.schuerig.de\/gisbert\/wp-content\/uploads\/2026\/01\/IMG_2540_Rassel-768x576.jpg 768w, https:\/\/www.schuerig.de\/gisbert\/wp-content\/uploads\/2026\/01\/IMG_2540_Rassel-1536x1152.jpg 1536w, https:\/\/www.schuerig.de\/gisbert\/wp-content\/uploads\/2026\/01\/IMG_2540_Rassel-2048x1536.jpg 2048w\" sizes=\"auto, (max-width: 1024px) 100vw, 1024px\" \/><\/figure>\n\n\n\n<figure class=\"wp-block-image size-large\"><img loading=\"lazy\" decoding=\"async\" width=\"1024\" height=\"768\" src=\"https:\/\/www.schuerig.de\/gisbert\/wp-content\/uploads\/2026\/01\/IMG_2535_Rassel-1024x768.jpg\" alt=\"\" class=\"wp-image-410\" srcset=\"https:\/\/www.schuerig.de\/gisbert\/wp-content\/uploads\/2026\/01\/IMG_2535_Rassel-1024x768.jpg 1024w, https:\/\/www.schuerig.de\/gisbert\/wp-content\/uploads\/2026\/01\/IMG_2535_Rassel-300x225.jpg 300w, https:\/\/www.schuerig.de\/gisbert\/wp-content\/uploads\/2026\/01\/IMG_2535_Rassel-768x576.jpg 768w, https:\/\/www.schuerig.de\/gisbert\/wp-content\/uploads\/2026\/01\/IMG_2535_Rassel-1536x1152.jpg 1536w, https:\/\/www.schuerig.de\/gisbert\/wp-content\/uploads\/2026\/01\/IMG_2535_Rassel-2048x1536.jpg 2048w\" sizes=\"auto, (max-width: 1024px) 100vw, 1024px\" \/><figcaption class=\"wp-element-caption\">Zwei der zum Ausprobieren get\u00f6pferten Rasseln<\/figcaption><\/figure>\n\n\n\n<figure class=\"wp-block-embed is-type-video is-provider-youtube wp-block-embed-youtube wp-embed-aspect-16-9 wp-has-aspect-ratio\"><div class=\"wp-block-embed__wrapper\">\n<iframe loading=\"lazy\" title=\"Tonrasseln im Vergleich\" width=\"500\" height=\"281\" src=\"https:\/\/www.youtube.com\/embed\/W4oFq-q6y08?feature=oembed\" frameborder=\"0\" allow=\"accelerometer; autoplay; clipboard-write; encrypted-media; gyroscope; picture-in-picture; web-share\" referrerpolicy=\"strict-origin-when-cross-origin\" allowfullscreen><\/iframe>\n<\/div><figcaption class=\"wp-element-caption\">Get\u00f6pferte Rasseln im klanglichen Vergleich<\/figcaption><\/figure>\n\n\n\n<p>Dabei wurde deutlich: keine Rassel klingt genau wie die andere, die vielen verschiedenen Faktoren in der Herstellung &#8211; die Anzahl der Tonk\u00fcgelchen, Form etc. &#8211; f\u00fchren jeweils zu individuellen Klangnuancen.<\/p>\n\n\n\n<p>Andererseits: dem Rahmen an expressiven M\u00f6glichkeiten mit diesen Instrumenten sind enge Grenzen gesetzt. Das hatte sich auch schon bei den Aufnahmen der Tonrassel im Neuen Museum herausgestellt. Um den Bezug zu der historischen Rassel nicht zu verw\u00e4ssern, haben wir die neu erstellten Tonrasseln im weiteren Prozess nicht mehr eingesetzt. Statt dessen haben wir die Aufnahmen der historischen Rassel aus dem Neuen Museum als alleinigen klanglichen Ausgangspunkt genommen. Erst sp\u00e4ter im Prozess haben wir dem noch wenige Kl\u00e4nge von Gitarre und Synthesizern hinzugef\u00fcgt. Die eher geringe expressive Bandbreite der urspr\u00fcnglichen Aufnahmen haben wir damit behutsam erweitert, der Fokus blieb aber auch im Kompositionsprozess und den zwei Auff\u00fchrungen auf feinen klanglichen Nuancen.<\/p>\n\n\n\n<p><strong>Klangliche Re-Kombinationsprozesse<\/strong><\/p>\n\n\n\n<p>Ger\u00e4te und Software legen jeweils spezifische Herangehensweisen nahe. Herangehensweisen, die sich ergeben aus technischen M\u00f6glichkeiten, k\u00fcnstlerischen Ideen und allgemeinen Vorstellungen. Welche Eigenschaften von Klang sind wesentlich, worauf braucht es direkten Zugriff, welche sind zu vernachl\u00e4ssigen, um eine Benutzeroberfl\u00e4che nicht zu \u00fcberfrachten?<\/p>\n\n\n\n<p>Nach einigen Testl\u00e4ufen mit den Rassel-Aufnahmen haben sich eine Reihe von Methoden herauskristallisiert, die sich als besonders geeignet erwiesen haben. Das waren keineswegs nur die neuesten, effizientesten Herangehensweisen. Vielmehr haben gerade auch technische Beschr\u00e4nkungen von Ger\u00e4ten sich als k\u00fcnstlerisch reizvoll erwiesen. Ausgew\u00e4hlte Rasselaufnahmen per MD-Player abzuspielen und mit weiteren Effekten in Form von Pedalen zu loopen und zu bearbeiten brachte eine geh\u00f6rige Portion Zufall in unser Spiel. Und gerade so eine unscharfe, unperfekte Form der Kontrolle erwies sich als ein stimmiger Umgang mit dem Klangmaterial und f\u00fchrte uns zu musikalischen Strukturen, die einladen, h\u00f6rend unseren tastenden Untersuchungen der klanglichen Re-Kombinationsm\u00f6glichkeiten zu folgen.<\/p>\n\n\n\n<figure class=\"wp-block-image size-large\"><img loading=\"lazy\" decoding=\"async\" width=\"1024\" height=\"768\" src=\"https:\/\/www.schuerig.de\/gisbert\/wp-content\/uploads\/2026\/01\/IMG_1052-1024x768.jpg\" alt=\"\" class=\"wp-image-398\" srcset=\"https:\/\/www.schuerig.de\/gisbert\/wp-content\/uploads\/2026\/01\/IMG_1052-1024x768.jpg 1024w, https:\/\/www.schuerig.de\/gisbert\/wp-content\/uploads\/2026\/01\/IMG_1052-300x225.jpg 300w, https:\/\/www.schuerig.de\/gisbert\/wp-content\/uploads\/2026\/01\/IMG_1052-768x576.jpg 768w, https:\/\/www.schuerig.de\/gisbert\/wp-content\/uploads\/2026\/01\/IMG_1052-1536x1152.jpg 1536w, https:\/\/www.schuerig.de\/gisbert\/wp-content\/uploads\/2026\/01\/IMG_1052-2048x1536.jpg 2048w\" sizes=\"auto, (max-width: 1024px) 100vw, 1024px\" \/><figcaption class=\"wp-element-caption\">Thomas M\u00fcller beim Aufbau mit MD-Player, Looper und Effektpedalen<\/figcaption><\/figure>\n\n\n\n<p>Ich selber habe die Kl\u00e4nge der Rassel in der Musiksoftware Ableton Live bearbeitet und abgespielt, habe die App <a href=\"https:\/\/www.borderlands-granular.com\/app\/\">Borderlands<\/a> auf einem iPad genutzt, au\u00dferdem mit dem <a href=\"https:\/\/www.amazona.de\/test-zoom-ar-48-arq-aero-rhythmtrak\/\">Zoom AR-48<\/a> gearbeitet. Dieses Ufo-\u00e4hnliche, kreisrunde Musikinstrument hat eine ganze Reihe von Funktionen, unter anderem l\u00e4sst es sich als Hardware-Sampler nutzen, indem ich kurze Klangschnipsel auf eine SD-Karte lade und anschlie\u00dfend einzelnen Druckfeldern des Ger\u00e4tes zuweise. <\/p>\n\n\n\n<figure class=\"wp-block-image size-large\"><img loading=\"lazy\" decoding=\"async\" width=\"1024\" height=\"768\" src=\"https:\/\/www.schuerig.de\/gisbert\/wp-content\/uploads\/2026\/01\/Instrumente-Schuerig-Wieder-zum-Klingen-gebracht-1024x768.jpg\" alt=\"\" class=\"wp-image-405\" srcset=\"https:\/\/www.schuerig.de\/gisbert\/wp-content\/uploads\/2026\/01\/Instrumente-Schuerig-Wieder-zum-Klingen-gebracht-1024x768.jpg 1024w, https:\/\/www.schuerig.de\/gisbert\/wp-content\/uploads\/2026\/01\/Instrumente-Schuerig-Wieder-zum-Klingen-gebracht-300x225.jpg 300w, https:\/\/www.schuerig.de\/gisbert\/wp-content\/uploads\/2026\/01\/Instrumente-Schuerig-Wieder-zum-Klingen-gebracht-768x576.jpg 768w, https:\/\/www.schuerig.de\/gisbert\/wp-content\/uploads\/2026\/01\/Instrumente-Schuerig-Wieder-zum-Klingen-gebracht-1536x1152.jpg 1536w, https:\/\/www.schuerig.de\/gisbert\/wp-content\/uploads\/2026\/01\/Instrumente-Schuerig-Wieder-zum-Klingen-gebracht-2048x1536.jpg 2048w\" sizes=\"auto, (max-width: 1024px) 100vw, 1024px\" \/><figcaption class=\"wp-element-caption\">Rechts vorne im Bild das Zoom AR-48, links ein Laptop mit Ableton Live, gesteuert mit dem Beat Step Pro Controller vorne rechts. In der Mitte ein iPad mit Borderlands und der Orbita Midi-Controller.<\/figcaption><\/figure>\n\n\n\n<p>Im Vergleich zur Rassel ist das Zoom AR-48 zeitgen\u00f6ssisch, es ist in 2017 in Europa auf den Markt gekommen. Allerdings ist die Produktion in 2018 auch schon wieder eingestellt worden. Der kommerzielle Misserfolg macht das Ger\u00e4t schon jetzt, wenige Jahre sp\u00e4ter, zu einem musik- und technikhistorischen Artefakt.<\/p>\n\n\n\n<p>F\u00fcr mich war gerade die Kombination verschiedener Technologien interessant, und die verschiedenen Ergebnisse, die sich aus den unterschiedlichen Interfaces und technischen M\u00f6glichkeiten ergeben haben. Im Vergleich mit Software ist das Sampling mit dem Zoom AR-48 umst\u00e4ndlich, die M\u00f6glichkeiten sind recht eingeschr\u00e4nkt. Im Zusammenspiel aber ergaben sich Klang-Konstellationen, auf die ich anderweitig nicht gekommen w\u00e4re, schafften die bewusst in Kauf genommenen Einschr\u00e4nkungen Form und Fokus.<\/p>\n\n\n\n<p><strong>Ton und Bild<\/strong><\/p>\n\n\n\n<p>Bei der Auff\u00fchrung im Mai 2025 haben wir einen Mitschnitt in Ton und Bild gemacht. Ausschnitte davon sind <a href=\"https:\/\/www.youtube.com\/watch?v=-dRi8Nslxds&amp;t=93s\">hier<\/a> zu sehen und h\u00f6ren. F\u00fcr die Klanginstallation im September 2025 haben wir diesen Tonmitschnitt als Ausgangspunkt genommen, die Aufnahmen editiert und mit Effekten bearbeitet.<\/p>\n\n\n\n<p>Neben Tonaufnahmen sind im Rahmen des Projektes auch Bild- und Videoaufnahmen der Rassel entstanden. Vor allem zur \u00f6ffentlichen Darstellung und Dokumentation hat <a href=\"https:\/\/ulfgroote.de\/\">Ulf Groote<\/a> gefilmt, fotografiert und dieses Bildmaterial dann au\u00dferdem weiterverarbeitet, um ein dreidimensionales Modell der Rassel zu erstellen. Urspr\u00fcnglich war angedacht gewesen, bei den Auff\u00fchrungen die Kl\u00e4nge der Rassel mit visuellen Animationen zu kombinieren. Das haben wir verworfen, die verschiedenen Stadien der Erfassung und des digitalen Nachmodellierens sind aber visuell sehr reizvoll. Daher habe ich sie mit einem Ausschnitt der Klanginstallation zu einem Video kombiniert:<\/p>\n\n\n\n<figure class=\"wp-block-embed is-type-video is-provider-youtube wp-block-embed-youtube wp-embed-aspect-16-9 wp-has-aspect-ratio\"><div class=\"wp-block-embed__wrapper\">\n<iframe loading=\"lazy\" title=\"Wieder zum Klingen gebracht - Nachlese\" width=\"500\" height=\"281\" src=\"https:\/\/www.youtube.com\/embed\/rpsRy7xCkMo?feature=oembed\" frameborder=\"0\" allow=\"accelerometer; autoplay; clipboard-write; encrypted-media; gyroscope; picture-in-picture; web-share\" referrerpolicy=\"strict-origin-when-cross-origin\" allowfullscreen><\/iframe>\n<\/div><\/figure>\n\n\n\n<p><strong>Visuelle Re-Konstruktionsprozesse<\/strong><\/p>\n\n\n\n<p>Das Videomaterial besteht komplett aus Mitschnitten von Bildschirmaktivit\u00e4t, zu sehen sind verschiedene Arbeitsschritte in der Erfassung und dreidimensionalen Re-Modellierung der Tonrassel. Die Rassel erscheint als Punktwolke, vereinfachte geometrische Form, skulptural, grafisch oder auch als Gitternetz. Die Ansichten sind nicht chronologisch angeordnet, sondern collagiert und \u00fcberlagert &#8211; dies ist nat\u00fcrlich kein Tutorial sondern ein Einladung, die Bandbreite an Darstellungen ein und desselben Objektes als eine Palette visueller Auffassungen wirken zu lassen.<\/p>\n\n\n\n<p><strong>Perspektiven in Klang<\/strong><\/p>\n\n\n\n<p>Das gleichwertige Neben- und Nacheinander verschiedener Perspektiven findet sich auch in unserer kompositorischen Herangehensweise, im klanglichen Beziehungsnetzwerk, das wir gekn\u00fcpft haben zwischen aktuellen elektronischen Instrumenten, obsoleten Instrumenten und der sehr alten Tonrassel.<\/p>\n\n\n\n<p>Die Bedeutung und Funktion der Rassel f\u00fcr ihre Hersteller und Nutzer ist nicht \u00fcberliefert. Wir haben nicht versucht, diese Leerstelle zu f\u00fcllen, eher: die Distanz zu und das Nichtwissen \u00fcber diese konkrete Vergangenheit als Ausgangspunkt zu nehmen f\u00fcr Klangmomente, in denen unsere Verbindung mit einer Zeitlichkeit, die weit \u00fcber unsere individuellen Lebensspannen hinausreicht, sp\u00fcrbar wird.<\/p>\n\n\n\n<p>Perspektiven auf die Welt und die Zeit zu teilen ist eine der faszinierenden M\u00f6glichkeiten, die Musik bietet. Ich hoffe, die Perspektiven, die wir mit diesem Projekt angerissen haben, sind eine Bereicherung und Inspiration.<\/p>\n\n\n\n<figure class=\"wp-block-image size-large\"><img loading=\"lazy\" decoding=\"async\" width=\"1024\" height=\"768\" src=\"https:\/\/www.schuerig.de\/gisbert\/wp-content\/uploads\/2026\/01\/Mueller-und-Schuerig-Zitadelle-Spandau-1024x768.jpg\" alt=\"\" class=\"wp-image-403\" srcset=\"https:\/\/www.schuerig.de\/gisbert\/wp-content\/uploads\/2026\/01\/Mueller-und-Schuerig-Zitadelle-Spandau-1024x768.jpg 1024w, https:\/\/www.schuerig.de\/gisbert\/wp-content\/uploads\/2026\/01\/Mueller-und-Schuerig-Zitadelle-Spandau-300x225.jpg 300w, https:\/\/www.schuerig.de\/gisbert\/wp-content\/uploads\/2026\/01\/Mueller-und-Schuerig-Zitadelle-Spandau-768x576.jpg 768w, https:\/\/www.schuerig.de\/gisbert\/wp-content\/uploads\/2026\/01\/Mueller-und-Schuerig-Zitadelle-Spandau-1536x1152.jpg 1536w, https:\/\/www.schuerig.de\/gisbert\/wp-content\/uploads\/2026\/01\/Mueller-und-Schuerig-Zitadelle-Spandau-2048x1536.jpg 2048w\" sizes=\"auto, (max-width: 1024px) 100vw, 1024px\" \/><figcaption class=\"wp-element-caption\">Thomas M\u00fcller und ich in der Spandauer Zitadelle<\/figcaption><\/figure>\n\n\n\n<p>Das Projekt ist gef\u00f6rdert aus Mitteln des <a href=\"https:\/\/www.berlin.de\/ba-spandau\/politik-und-verwaltung\/aemter\/amt-fuer-weiterbildung-und-kultur\/kultur\/fonds-dezentrale-kulturarbeit-887321.php\">Fonds Dezentrale Kulturarbeit Spandau<\/a>. Vielen Dank daf\u00fcr! Auch ein dickes Dankesch\u00f6n an das Stadtgeschichtliche Museum in der Zitadelle Spandau, insbesondere an Museumsleiterin Urte Evert und Christina B\u00fcch. Nicht zuletzt ein Dankesch\u00f6n an den <a href=\"https:\/\/klang-holz.de\/wp\/\">Klang-Holz e. V.<\/a>, der uns einen sch\u00f6nen Rahmen f\u00fcr einen Probelauf des Projektes erm\u00f6glicht hat.<\/p>\n\n\n\n<p><\/p>\n","protected":false},"excerpt":{"rendered":"<p>In 2025 haben Thomas M\u00fcller und ich unter der \u00dcberschrift &#8222;Wieder zum Klingen gebracht&#8220; die Kl\u00e4nge einer historischen Tonrassel als Ausgangspunkt f\u00fcr musikalische Erkundungen in einem Konzert und einer Klanginstallation genommen. N\u00e4her beschrieben ist das in meinem vorherigen Blogeintrag. Im Kompositions- und Probenprozess f\u00fcr die Auff\u00fchrungen haben Thomas M\u00fcller und ich die Aufnahmen der Rasselkl\u00e4nge [&hellip;]<\/p>\n","protected":false},"author":1,"featured_media":398,"comment_status":"closed","ping_status":"","sticky":false,"template":"","format":"standard","meta":{"footnotes":""},"categories":[1],"tags":[],"class_list":["post-390","post","type-post","status-publish","format-standard","has-post-thumbnail","hentry","category-allgemein"],"_links":{"self":[{"href":"https:\/\/www.schuerig.de\/gisbert\/wp-json\/wp\/v2\/posts\/390","targetHints":{"allow":["GET"]}}],"collection":[{"href":"https:\/\/www.schuerig.de\/gisbert\/wp-json\/wp\/v2\/posts"}],"about":[{"href":"https:\/\/www.schuerig.de\/gisbert\/wp-json\/wp\/v2\/types\/post"}],"author":[{"embeddable":true,"href":"https:\/\/www.schuerig.de\/gisbert\/wp-json\/wp\/v2\/users\/1"}],"replies":[{"embeddable":true,"href":"https:\/\/www.schuerig.de\/gisbert\/wp-json\/wp\/v2\/comments?post=390"}],"version-history":[{"count":21,"href":"https:\/\/www.schuerig.de\/gisbert\/wp-json\/wp\/v2\/posts\/390\/revisions"}],"predecessor-version":[{"id":420,"href":"https:\/\/www.schuerig.de\/gisbert\/wp-json\/wp\/v2\/posts\/390\/revisions\/420"}],"wp:featuredmedia":[{"embeddable":true,"href":"https:\/\/www.schuerig.de\/gisbert\/wp-json\/wp\/v2\/media\/398"}],"wp:attachment":[{"href":"https:\/\/www.schuerig.de\/gisbert\/wp-json\/wp\/v2\/media?parent=390"}],"wp:term":[{"taxonomy":"category","embeddable":true,"href":"https:\/\/www.schuerig.de\/gisbert\/wp-json\/wp\/v2\/categories?post=390"},{"taxonomy":"post_tag","embeddable":true,"href":"https:\/\/www.schuerig.de\/gisbert\/wp-json\/wp\/v2\/tags?post=390"}],"curies":[{"name":"wp","href":"https:\/\/api.w.org\/{rel}","templated":true}]}}