{"id":27,"date":"2023-10-19T15:33:56","date_gmt":"2023-10-19T13:33:56","guid":{"rendered":"https:\/\/www.schuerig.de\/gisbert\/?p=27"},"modified":"2023-10-19T15:33:56","modified_gmt":"2023-10-19T13:33:56","slug":"synthesizer-kurs-an-der-vhs-pankow","status":"publish","type":"post","link":"https:\/\/www.schuerig.de\/gisbert\/2023\/10\/19\/synthesizer-kurs-an-der-vhs-pankow\/","title":{"rendered":"Synthesizer-Kurs an der VHS Pankow"},"content":{"rendered":"\n<p><em>Leicht bearbeitet, zuerst hier ver\u00f6ffentlicht: <a href=\"https:\/\/www.lev-berlin.de\/allgemein\/synthesizer-kurs-an-der-vhs-pankow\/4171\/\">lev-berlin.de<\/a><\/em><\/p>\n\n\n\n<p>Anfang Juni 2023 habe ich an der <a href=\"https:\/\/www.berlin.de\/vhs\/volkshochschulen\/pankow\/\">VHS-Pankow<\/a> einen Kurs zum Thema Synthesizer durchgef\u00fchrt. Die Teilnehmenden hatten die Gelegenheit, verschiedene Ger\u00e4te auszuprobieren und dabei die Grundlagen der subtraktiven Synthese kennenzulernen.<\/p>\n\n\n\n<p>Das gemeinsame Verkabeln, Kn\u00f6pfe drehen und Kl\u00e4nge gestalten hat gro\u00dfen Spa\u00df gemacht, hier ein paar Impressionen von dem Wochenende.<\/p>\n\n\n\n<figure class=\"wp-block-embed is-type-video is-provider-youtube wp-block-embed-youtube wp-embed-aspect-16-9 wp-has-aspect-ratio\"><div class=\"wp-block-embed__wrapper\">\n<iframe loading=\"lazy\" title=\"Klangexperimente im VHS Kurs Synthesizer Juni 2023\" width=\"500\" height=\"281\" src=\"https:\/\/www.youtube.com\/embed\/uHPVFu9Q8t8?feature=oembed\" frameborder=\"0\" allow=\"accelerometer; autoplay; clipboard-write; encrypted-media; gyroscope; picture-in-picture; web-share\" referrerpolicy=\"strict-origin-when-cross-origin\" allowfullscreen><\/iframe>\n<\/div><figcaption class=\"wp-element-caption\">Visualisierte Klangexperimente mit Synthesizern<\/figcaption><\/figure>\n\n\n\n<p>Zum Visualisieren haben wir die Software <a href=\"https:\/\/www.sygyt.com\/de\/\">Overtone Analyzer<\/a> verwendet, die mir auch bei meinen Kursen zu <a href=\"https:\/\/global-music-school.net\/de\/oberton-und-kehlgesang\/\">Obertongesang<\/a> h\u00e4ufig gute Dienste leistet. Alternativ kann man auch das kostenlose <a href=\"https:\/\/musiclab.chromeexperiments.com\/Spectrogram\/\">Spektrogramm des Chrome Music Lab<\/a> direkt im Browser kostenlos nutzen.<\/p>\n\n\n\n<figure class=\"wp-block-image size-large\"><img loading=\"lazy\" decoding=\"async\" width=\"1024\" height=\"768\" src=\"https:\/\/www.schuerig.de\/gisbert\/wp-content\/uploads\/2023\/10\/IMG_4111-1024x768.jpg\" alt=\"\" class=\"wp-image-28\" srcset=\"https:\/\/www.schuerig.de\/gisbert\/wp-content\/uploads\/2023\/10\/IMG_4111-1024x768.jpg 1024w, https:\/\/www.schuerig.de\/gisbert\/wp-content\/uploads\/2023\/10\/IMG_4111-300x225.jpg 300w, https:\/\/www.schuerig.de\/gisbert\/wp-content\/uploads\/2023\/10\/IMG_4111-768x576.jpg 768w, https:\/\/www.schuerig.de\/gisbert\/wp-content\/uploads\/2023\/10\/IMG_4111-1536x1152.jpg 1536w, https:\/\/www.schuerig.de\/gisbert\/wp-content\/uploads\/2023\/10\/IMG_4111-2048x1536.jpg 2048w\" sizes=\"auto, (max-width: 1024px) 100vw, 1024px\" \/><\/figure>\n\n\n\n<p>Kl\u00e4nge gestalten mit dem Perfourmer Mk II von Vermona<\/p>\n\n\n\n<figure class=\"wp-block-image size-large\"><img loading=\"lazy\" decoding=\"async\" width=\"768\" height=\"1024\" src=\"https:\/\/www.schuerig.de\/gisbert\/wp-content\/uploads\/2023\/10\/IMG_4131-768x1024.jpg\" alt=\"\" class=\"wp-image-29\" srcset=\"https:\/\/www.schuerig.de\/gisbert\/wp-content\/uploads\/2023\/10\/IMG_4131-768x1024.jpg 768w, https:\/\/www.schuerig.de\/gisbert\/wp-content\/uploads\/2023\/10\/IMG_4131-225x300.jpg 225w, https:\/\/www.schuerig.de\/gisbert\/wp-content\/uploads\/2023\/10\/IMG_4131-1152x1536.jpg 1152w, https:\/\/www.schuerig.de\/gisbert\/wp-content\/uploads\/2023\/10\/IMG_4131-1536x2048.jpg 1536w, https:\/\/www.schuerig.de\/gisbert\/wp-content\/uploads\/2023\/10\/IMG_4131-scaled.jpg 1920w\" sizes=\"auto, (max-width: 768px) 100vw, 768px\" \/><\/figure>\n\n\n\n<p>Jammen mit mehrere Synthesizern<\/p>\n\n\n\n<p>Ein Teilnehmer hatte sein DIY-Synthesizer-Set mitgebracht und demonstriert hier einen Oszillator, den er mit einem Poti in der Tonh\u00f6he regeln kann:<\/p>\n\n\n\n<figure class=\"wp-block-embed is-type-video is-provider-youtube wp-block-embed-youtube wp-embed-aspect-16-9 wp-has-aspect-ratio\"><div class=\"wp-block-embed__wrapper\">\n<iframe loading=\"lazy\" title=\"DIY Synthesizer\" width=\"500\" height=\"281\" src=\"https:\/\/www.youtube.com\/embed\/_WMCFYsQw8c?feature=oembed\" frameborder=\"0\" allow=\"accelerometer; autoplay; clipboard-write; encrypted-media; gyroscope; picture-in-picture; web-share\" referrerpolicy=\"strict-origin-when-cross-origin\" allowfullscreen><\/iframe>\n<\/div><\/figure>\n\n\n\n<p>Schlie\u00dflich haben wir uns noch mit der Steuerung von Synthesizern durch Sequenzer besch\u00e4ftigt und wie man diese per Midi oder Clock miteinander synchronisieren kann.<\/p>\n\n\n\n<figure class=\"wp-block-image size-large\"><img loading=\"lazy\" decoding=\"async\" width=\"768\" height=\"1024\" src=\"https:\/\/www.schuerig.de\/gisbert\/wp-content\/uploads\/2023\/10\/IMG_4149-768x1024.jpg\" alt=\"\" class=\"wp-image-30\" srcset=\"https:\/\/www.schuerig.de\/gisbert\/wp-content\/uploads\/2023\/10\/IMG_4149-768x1024.jpg 768w, https:\/\/www.schuerig.de\/gisbert\/wp-content\/uploads\/2023\/10\/IMG_4149-225x300.jpg 225w, https:\/\/www.schuerig.de\/gisbert\/wp-content\/uploads\/2023\/10\/IMG_4149-1152x1536.jpg 1152w, https:\/\/www.schuerig.de\/gisbert\/wp-content\/uploads\/2023\/10\/IMG_4149-1536x2048.jpg 1536w, https:\/\/www.schuerig.de\/gisbert\/wp-content\/uploads\/2023\/10\/IMG_4149-scaled.jpg 1920w\" sizes=\"auto, (max-width: 768px) 100vw, 768px\" \/><\/figure>\n\n\n\n<p>SQ-1 Sequenzer steuert den East Beast Synthesizer<\/p>\n\n\n\n<p>Alles in allem ein sehr erfreuliches Wochenende, ich freue mich schon auf den n\u00e4chsten Kurs dazu im November.<\/p>\n\n\n\n<p><em>Neugierig geworden? Anmeldung \u00fcber die <a href=\"https:\/\/www.berlin.de\/vhs\/volkshochschulen\/pankow\/\">VHS Pankow<\/a>, Suchbegriff &#8222;Synthesizer&#8220;.<\/em><\/p>\n","protected":false},"excerpt":{"rendered":"<p>Leicht bearbeitet, zuerst hier ver\u00f6ffentlicht: lev-berlin.de Anfang Juni 2023 habe ich an der VHS-Pankow einen Kurs zum Thema Synthesizer durchgef\u00fchrt. Die Teilnehmenden hatten die Gelegenheit, verschiedene Ger\u00e4te auszuprobieren und dabei die Grundlagen der subtraktiven Synthese kennenzulernen. Das gemeinsame Verkabeln, Kn\u00f6pfe drehen und Kl\u00e4nge gestalten hat gro\u00dfen Spa\u00df gemacht, hier ein paar Impressionen von dem Wochenende. [&hellip;]<\/p>\n","protected":false},"author":1,"featured_media":32,"comment_status":"closed","ping_status":"","sticky":false,"template":"","format":"standard","meta":{"footnotes":""},"categories":[1],"tags":[6,5,4],"class_list":["post-27","post","type-post","status-publish","format-standard","has-post-thumbnail","hentry","category-allgemein","tag-kurs","tag-synthesizer","tag-vhs"],"_links":{"self":[{"href":"https:\/\/www.schuerig.de\/gisbert\/wp-json\/wp\/v2\/posts\/27","targetHints":{"allow":["GET"]}}],"collection":[{"href":"https:\/\/www.schuerig.de\/gisbert\/wp-json\/wp\/v2\/posts"}],"about":[{"href":"https:\/\/www.schuerig.de\/gisbert\/wp-json\/wp\/v2\/types\/post"}],"author":[{"embeddable":true,"href":"https:\/\/www.schuerig.de\/gisbert\/wp-json\/wp\/v2\/users\/1"}],"replies":[{"embeddable":true,"href":"https:\/\/www.schuerig.de\/gisbert\/wp-json\/wp\/v2\/comments?post=27"}],"version-history":[{"count":2,"href":"https:\/\/www.schuerig.de\/gisbert\/wp-json\/wp\/v2\/posts\/27\/revisions"}],"predecessor-version":[{"id":33,"href":"https:\/\/www.schuerig.de\/gisbert\/wp-json\/wp\/v2\/posts\/27\/revisions\/33"}],"wp:featuredmedia":[{"embeddable":true,"href":"https:\/\/www.schuerig.de\/gisbert\/wp-json\/wp\/v2\/media\/32"}],"wp:attachment":[{"href":"https:\/\/www.schuerig.de\/gisbert\/wp-json\/wp\/v2\/media?parent=27"}],"wp:term":[{"taxonomy":"category","embeddable":true,"href":"https:\/\/www.schuerig.de\/gisbert\/wp-json\/wp\/v2\/categories?post=27"},{"taxonomy":"post_tag","embeddable":true,"href":"https:\/\/www.schuerig.de\/gisbert\/wp-json\/wp\/v2\/tags?post=27"}],"curies":[{"name":"wp","href":"https:\/\/api.w.org\/{rel}","templated":true}]}}